[{"@context":"https:\/\/schema.org\/","@type":"Article","@id":"https:\/\/www.juli.sk\/sezonnu-krcmu-postavite-za-par-drobnych\/#Article","mainEntityOfPage":"https:\/\/www.juli.sk\/sezonnu-krcmu-postavite-za-par-drobnych\/","headline":"Sez\u00f3nnu kr\u010dmu \u201epostav\u00edte\u201c za p\u00e1r drobn\u00fdch","name":"Sez\u00f3nnu kr\u010dmu \u201epostav\u00edte\u201c za p\u00e1r drobn\u00fdch","description":"Ka\u017ed\u00e9 leto jazd\u00edme na to ist\u00e9 miesto ku vode. V\u017edy v letnej sez\u00f3ne, sa tu nach\u00e1dza tak\u00fd st\u00e1nok ( to som si myslela, teda, \u017ee je to st\u00e1nok, ale k tomu a\u017e o chv\u00ed\u013eku), v ktorom pred\u00e1vaj\u00fa v\u00fdborn\u00e9 jedlo a \u010dapuj\u00fa super pivko. S majite\u013emi sme s apo \u010dase celkom spriatelili. My sme na danom [&hellip;]","datePublished":"2019-09-13","dateModified":"2023-04-28","author":{"@type":"Person","@id":"https:\/\/www.juli.sk\/author\/#Person","name":"","url":"https:\/\/www.juli.sk\/author\/","identifier":1,"image":{"@type":"ImageObject","@id":"https:\/\/secure.gravatar.com\/avatar\/232437c79d6ebbb41eb67b1526ce0bc08ee5047d6b1594dc05abcc3258d8e0b3?s=96&d=mm&r=g","url":"https:\/\/secure.gravatar.com\/avatar\/232437c79d6ebbb41eb67b1526ce0bc08ee5047d6b1594dc05abcc3258d8e0b3?s=96&d=mm&r=g","height":96,"width":96}},"publisher":{"@type":"Organization","name":"juli.sk","logo":{"@type":"ImageObject","@id":"\/logo.png","url":"\/logo.png","width":600,"height":60}},"image":{"@type":"ImageObject","@id":"https:\/\/www.juli.sk\/wp-content\/uploads\/img_a308105_w16731_t1573563221.jpg","url":"https:\/\/www.juli.sk\/wp-content\/uploads\/img_a308105_w16731_t1573563221.jpg","height":0,"width":0},"url":"https:\/\/www.juli.sk\/sezonnu-krcmu-postavite-za-par-drobnych\/","about":["Dom a byt"],"wordCount":403,"articleBody":"             Ka\u017ed\u00e9 leto jazd\u00edme na to ist\u00e9 miesto ku vode. V\u017edy v letnej sez\u00f3ne, sa tu nach\u00e1dza tak\u00fd st\u00e1nok ( to som si myslela, teda, \u017ee je to st\u00e1nok, ale k tomu a\u017e o chv\u00ed\u013eku), v ktorom pred\u00e1vaj\u00fa v\u00fdborn\u00e9 jedlo a \u010dapuj\u00fa super pivko. S majite\u013emi sme s apo \u010dase celkom spriatelili. My sme na danom mieste neraz presp\u00e1vali v stane a oni zas vo svojom \u201est\u00e1nku\u201c. Jedn\u00e9ho d\u0148a, ke\u010f sme na tomto mieste tr\u00e1vili asi t\u00fd\u017ede\u0148 vkuse, za mnou pribehla Marika ( tak sa volala pani, ktor\u00e1 pred\u00e1vala to super jedlo s pivkom ) a prosila ma o pomoc. Vraj jej syn musel  https:\/\/cs.wiktionary.org\/wiki\/muset niekam odbehn\u00fa\u0165 a ona sama nest\u00edha kuchy\u0148u, v\u00fd\u010dap a obsluhu. Nev\u00e1hala som ani sekundu a \u0161la na to. Ke\u010f som vst\u00fapila dovn\u00fatra, ostala som stra\u0161ne milo prekvapen\u00e1. Ono to nebol st\u00e1nok, ale byt s v\u00fd\u010dapom na \u00farovni. Ke\u010f sa cel\u00fd frmol dokon\u010dil, op\u00fdtala som sa Mariky, \u010do je to vlastne za st\u00e1nok. T\u00e1 mi vtedy vysvetlila, \u017ee nejde o \u017eiadny st\u00e1nok, ale o mobiln\u00fd dom http:\/\/www.euro-mobilnedomy.sk\/. Moje zozn\u00e1menie s mobiln\u00fdm domom, ma in\u0161pirovalo k tomu, aby som v\u00e1m o tomto type pr\u00edbytku nie\u010do povedala. Pred t\u00fdm som poznala karavany, st\u00e1nky a maringotky, no mobiln\u00e9 domy, mi toho naozaj ve\u013ea nehovorili. M\u00e1te tu k\u00farenie, kuchynku, sp\u00e1l\u0148u a toaletu, no jednoducho \u00faplne v\u0161etko, \u010do k \u017eivotu alebo k prev\u00e1dzkovaniu sez\u00f3nnej kr\u010dmy, \u010di pohostinstva potrebujete. Viete, m\u00e1m e\u0161te jednu kamar\u00e1tku, ktor\u00e1 chcela nie\u010do podobn\u00e9 robi\u0165 pro jazere, ktor\u00e9 bolo v\u0161ak \u010faleko od jej bydliska. Mala v\u0161etko dohodnut\u00e9, \u013eudia by mali o tak\u00e9to slu\u017eby z\u00e1ujem, no nevedela, ako vyrie\u0161i\u0165 probl\u00e9m s priestorom na predaj. Chcela toti\u017e presne to, aby sa v \u0148om dalo nie\u010do navari\u0165, nie\u010do na\u010dapova\u0165 a aj prespa\u0165. Tak\u017ee drah\u00ed moji, ak sa nach\u00e1dzate v podobne prek\u00e9rnej situ\u00e1cii, ur\u010dite cho\u010fte do toho. Mimochodom, ur\u010dite v\u00e1s pr\u00edjemne pote\u0161\u00ed i cena. T\u00e1 sa pohybuje od tak\u00fdch \u0161tyroch tis\u00edc hore. Tie v\u00e4\u010d\u0161ie, nov\u0161ie a luxusnej\u0161ie zariaden\u00e9, stoja samozrejme tro\u0161ku viac.                                                                                                                                                                                                                                                                                                                                                                                          4.5\/5 - (4 votes)        "},{"@context":"https:\/\/schema.org\/","@type":"BreadcrumbList","itemListElement":[{"@type":"ListItem","position":1,"name":"Sez\u00f3nnu kr\u010dmu \u201epostav\u00edte\u201c za p\u00e1r drobn\u00fdch","item":"https:\/\/www.juli.sk\/sezonnu-krcmu-postavite-za-par-drobnych\/#breadcrumbitem"}]}]