[{"@context":"https:\/\/schema.org\/","@type":"Article","@id":"https:\/\/www.juli.sk\/pracka\/#Article","mainEntityOfPage":"https:\/\/www.juli.sk\/pracka\/","headline":"Pr\u00e1\u010dka","name":"Pr\u00e1\u010dka","description":"Pranie patr\u00ed k z\u00e1kladn\u00fdm \u017eensk\u00fdm dom\u00e1cim pr\u00e1cam. Aj vy ve\u013ea periete? Nie je to len o tom, \u017ee pr\u00e1dlo hod\u00edte do pr\u00e1\u010dky. Pr\u00e1dlo mus\u00edte roztriedi\u0165 pod\u013ea farieb, pod\u013ea jednotliv\u00fdch materi\u00e1lov a vedie\u0165, ak\u00fdm prac\u00edm prostriedkom ich m\u00f4\u017eete vypra\u0165. Je to omnoho \u0165a\u017e\u0161ie, ako si mnoh\u00ed mu\u017ei myslia. Ma\u0165 doma pr\u00e1\u010dku je ve\u013emi dobr\u00e1 vec. Je [&hellip;]","datePublished":"2023-11-30","dateModified":"2023-11-30","author":{"@type":"Person","@id":"https:\/\/www.juli.sk\/author\/#Person","name":"","url":"https:\/\/www.juli.sk\/author\/","identifier":1,"image":{"@type":"ImageObject","@id":"https:\/\/secure.gravatar.com\/avatar\/232437c79d6ebbb41eb67b1526ce0bc08ee5047d6b1594dc05abcc3258d8e0b3?s=96&d=mm&r=g","url":"https:\/\/secure.gravatar.com\/avatar\/232437c79d6ebbb41eb67b1526ce0bc08ee5047d6b1594dc05abcc3258d8e0b3?s=96&d=mm&r=g","height":96,"width":96}},"publisher":{"@type":"Organization","name":"juli.sk","logo":{"@type":"ImageObject","@id":"\/logo.png","url":"\/logo.png","width":600,"height":60}},"image":{"@type":"ImageObject","@id":"https:\/\/www.juli.sk\/wp-content\/uploads\/washing-machine-1786385_640_2.png","url":"https:\/\/www.juli.sk\/wp-content\/uploads\/washing-machine-1786385_640_2.png","height":0,"width":0},"url":"https:\/\/www.juli.sk\/pracka\/","about":["Elektro"],"wordCount":422,"articleBody":"Pranie patr\u00ed k z\u00e1kladn\u00fdm \u017eensk\u00fdm dom\u00e1cim pr\u00e1cam. Aj vy ve\u013ea periete? Nie je to len o tom, \u017ee pr\u00e1dlo hod\u00edte do pr\u00e1\u010dky. Pr\u00e1dlo mus\u00edte roztriedi\u0165 pod\u013ea farieb, pod\u013ea jednotliv\u00fdch materi\u00e1lov a vedie\u0165, ak\u00fdm prac\u00edm prostriedkom ich m\u00f4\u017eete vypra\u0165. Je to omnoho \u0165a\u017e\u0161ie, ako si mnoh\u00ed mu\u017ei myslia. Ma\u0165 doma pr\u00e1\u010dku je ve\u013emi dobr\u00e1 vec. Je to elektrick\u00fd spotrebi\u010d, bez ktor\u00e9ho by sme si nevedeli predstavi\u0165 \u010do i jeden de\u0148. Niekedy sa stane, \u017ee perieme aj ka\u017ed\u00fd jeden de\u0148. Ak m\u00e1me viac\u010dlenn\u00fa rodinu, vec\u00ed na vypratie je stra\u0161ne ve\u013ea a my nevieme, \u010di to v\u00f4bec stihneme opra\u0165. Pr\u00e1\u010dka funguje automaticky.Ak na nej koliesko poto\u010d\u00edme na tak\u00fd program, ktor\u00fdm chceme pra\u0165, u\u017e sa postar\u00e1 o celkov\u00e9 pranie. Pran\u00edm v\u0161ak to nekon\u010d\u00ed. Ke\u010f pr\u00e1\u010dka skon\u010d\u00ed, bu\u010f pr\u00e1dlo prichyst\u00e1me na \u017eehlenie, alebo ho vysu\u0161\u00edme v su\u0161i\u010dke na bielize\u0148. Su\u0161i\u010dka je ve\u013emi dobr\u00fdm elektrick\u00fdm pomocn\u00edkom v ka\u017edej jednej dom\u00e1cnosti. Mnoh\u00e9 dom\u00e1cnosti ju v\u0161ak e\u0161te nemaj\u00fa. Je to sp\u00f4soben\u00e9 t\u00fdm, \u017ee maj\u00fa ve\u013emi mali\u010dk\u00fa k\u00fape\u013e\u0148u, kde sa su\u0161i\u010dka ve\u013emi nezmest\u00ed. Av\u0161ak, ja m\u00e1m mal\u00fa k\u00fape\u013e\u0148u a su\u0161i\u010dku m\u00e1m polo\u017een\u00fa na pr\u00e1\u010dke s pou\u017eit\u00edm medzikusu. Je tak\u00e1to mo\u017enos\u0165. Je to rie\u0161ite\u013en\u00e1 situ\u00e1cia, ak si chcete u\u013eah\u010di\u0165 \u017eivot.Pr\u00e1ve elektrick\u00e9 spotrebi\u010de maj\u00fa za \u00falohu u\u013eah\u010dova\u0165 n\u00e1m ka\u017edodenn\u00e9 povinnosti. Viete si predstavi\u0165, \u017ee by ste to\u013eko \u0161pinav\u00e9ho oble\u010denia mali pra\u0165 ru\u010dne v potoku? Ja veru nie a som ve\u013emi v\u010fa\u010dn\u00e1, \u017ee m\u00e1m doma tieto dva vynikaj\u00face elektrick\u00e9 spotrebi\u010de. U\u017e sa v\u00e1m stalo, \u017ee sa v\u00e1m pokazila pr\u00e1\u010dka? Dnes sa u\u017e nezvykne vola\u0165 hne\u010f oprav\u00e1ra. Objedn\u00e1te si nov\u00fa pr\u00e1\u010dku s t\u00fdm, \u017ee v\u00e1m star\u00fa pr\u00e1\u010dku odnes\u00fa sp\u00e4\u0165. Tento sp\u00f4sob je ve\u013emi jednoduch\u00fd a aj praktick\u00fd, lebo nem\u00e1te staros\u0165 s t\u00fdm, aby ste odniesli svoju star\u00fa pr\u00e1\u010dku do zbern\u00e9ho dvora. Tam toti\u017eto tak\u00e9to star\u00e9 spotrebi\u010de patria. U\u017e som videla ve\u013eakr\u00e1t, \u017ee pr\u00e1\u010dka bola vyhoden\u00e1 len tak pri smetiakoch na s\u00eddlisku. Tam v\u0161ak nepatr\u00ed.                                                                                                                                                                                                                                                                                                                                                                                        3.3\/5 - (6 votes)        "},{"@context":"https:\/\/schema.org\/","@type":"BreadcrumbList","itemListElement":[{"@type":"ListItem","position":1,"name":"Pr\u00e1\u010dka","item":"https:\/\/www.juli.sk\/pracka\/#breadcrumbitem"}]}]