{"@context":"https:\/\/schema.org\/","@type":"CollectionPage","@id":"https:\/\/www.juli.sk\/dom-a-byt\/#CollectionPage","headline":"Dom a byt Category","description":"","url":"https:\/\/www.juli.sk\/dom-a-byt\/","hasPart":[{"@type":"Article","@id":"https:\/\/www.juli.sk\/sezonnu-krcmu-postavite-za-par-drobnych\/","headline":"Sez\u00f3nnu kr\u010dmu \u201epostav\u00edte\u201c za p\u00e1r drobn\u00fdch","url":"https:\/\/www.juli.sk\/sezonnu-krcmu-postavite-za-par-drobnych\/","datePublished":"2019-09-13","dateModified":"2023-04-28","mainEntityOfPage":"https:\/\/www.juli.sk\/sezonnu-krcmu-postavite-za-par-drobnych\/","author":{"@type":"Person","@id":"https:\/\/www.juli.sk\/author\/#Person","name":"","url":"https:\/\/www.juli.sk\/author\/","identifier":1,"image":{"@type":"ImageObject","@id":"https:\/\/secure.gravatar.com\/avatar\/232437c79d6ebbb41eb67b1526ce0bc08ee5047d6b1594dc05abcc3258d8e0b3?s=96&d=mm&r=g","url":"https:\/\/secure.gravatar.com\/avatar\/232437c79d6ebbb41eb67b1526ce0bc08ee5047d6b1594dc05abcc3258d8e0b3?s=96&d=mm&r=g","height":96,"width":96}},"publisher":{"@type":"Organization","name":"juli.sk","logo":{"@type":"ImageObject","@id":"\/logo.png","url":"\/logo.png","width":600,"height":60}},"image":{"@type":"ImageObject","@id":"https:\/\/www.juli.sk\/wp-content\/uploads\/img_a308105_w16731_t1573563221.jpg","url":"https:\/\/www.juli.sk\/wp-content\/uploads\/img_a308105_w16731_t1573563221.jpg","height":0,"width":0},"keywords":null},{"@type":"Article","@id":"https:\/\/www.juli.sk\/zariadujeme-detsku-izbu\/","headline":"Zaria\u010fujeme detsk\u00fa izbu!","url":"https:\/\/www.juli.sk\/zariadujeme-detsku-izbu\/","datePublished":"2019-08-05","dateModified":"2023-04-28","mainEntityOfPage":"https:\/\/www.juli.sk\/zariadujeme-detsku-izbu\/","author":{"@type":"Person","@id":"https:\/\/www.juli.sk\/author\/#Person","name":"","url":"https:\/\/www.juli.sk\/author\/","identifier":1,"image":{"@type":"ImageObject","@id":"https:\/\/secure.gravatar.com\/avatar\/232437c79d6ebbb41eb67b1526ce0bc08ee5047d6b1594dc05abcc3258d8e0b3?s=96&d=mm&r=g","url":"https:\/\/secure.gravatar.com\/avatar\/232437c79d6ebbb41eb67b1526ce0bc08ee5047d6b1594dc05abcc3258d8e0b3?s=96&d=mm&r=g","height":96,"width":96}},"publisher":{"@type":"Organization","name":"juli.sk","logo":{"@type":"ImageObject","@id":"\/logo.png","url":"\/logo.png","width":600,"height":60}},"image":{"@type":"ImageObject","@id":"https:\/\/www.juli.sk\/wp-content\/uploads\/img_a306187_w16837_t1568733405.jpg","url":"https:\/\/www.juli.sk\/wp-content\/uploads\/img_a306187_w16837_t1568733405.jpg","height":0,"width":0},"keywords":null},{"@type":"Article","@id":"https:\/\/www.juli.sk\/hmyz-nie-je-nepriatel\/","headline":"Hmyz nie je nepriate\u013e","url":"https:\/\/www.juli.sk\/hmyz-nie-je-nepriatel\/","datePublished":"2019-05-23","dateModified":"2023-04-28","mainEntityOfPage":"https:\/\/www.juli.sk\/hmyz-nie-je-nepriatel\/","author":{"@type":"Person","@id":"https:\/\/www.juli.sk\/author\/#Person","name":"","url":"https:\/\/www.juli.sk\/author\/","identifier":1,"image":{"@type":"ImageObject","@id":"https:\/\/secure.gravatar.com\/avatar\/232437c79d6ebbb41eb67b1526ce0bc08ee5047d6b1594dc05abcc3258d8e0b3?s=96&d=mm&r=g","url":"https:\/\/secure.gravatar.com\/avatar\/232437c79d6ebbb41eb67b1526ce0bc08ee5047d6b1594dc05abcc3258d8e0b3?s=96&d=mm&r=g","height":96,"width":96}},"publisher":{"@type":"Organization","name":"juli.sk","logo":{"@type":"ImageObject","@id":"\/logo.png","url":"\/logo.png","width":600,"height":60}},"image":{"@type":"ImageObject","@id":"https:\/\/www.juli.sk\/wp-content\/uploads\/img_a301185_w16737_t1558631633.jpg","url":"https:\/\/www.juli.sk\/wp-content\/uploads\/img_a301185_w16737_t1558631633.jpg","height":0,"width":0},"keywords":null},{"@type":"Article","@id":"https:\/\/www.juli.sk\/nechce-sa-mi\/","headline":"Nechce sa mi","url":"https:\/\/www.juli.sk\/nechce-sa-mi\/","datePublished":"2019-01-13","dateModified":"2023-04-28","mainEntityOfPage":"https:\/\/www.juli.sk\/nechce-sa-mi\/","author":{"@type":"Person","@id":"https:\/\/www.juli.sk\/author\/#Person","name":"","url":"https:\/\/www.juli.sk\/author\/","identifier":1,"image":{"@type":"ImageObject","@id":"https:\/\/secure.gravatar.com\/avatar\/232437c79d6ebbb41eb67b1526ce0bc08ee5047d6b1594dc05abcc3258d8e0b3?s=96&d=mm&r=g","url":"https:\/\/secure.gravatar.com\/avatar\/232437c79d6ebbb41eb67b1526ce0bc08ee5047d6b1594dc05abcc3258d8e0b3?s=96&d=mm&r=g","height":96,"width":96}},"publisher":{"@type":"Organization","name":"juli.sk","logo":{"@type":"ImageObject","@id":"\/logo.png","url":"\/logo.png","width":600,"height":60}},"image":{"@type":"ImageObject","@id":"https:\/\/www.juli.sk\/wp-content\/uploads\/img_a297800_w16702_t1552507205.jpg","url":"https:\/\/www.juli.sk\/wp-content\/uploads\/img_a297800_w16702_t1552507205.jpg","height":0,"width":0},"keywords":null},{"@type":"Article","@id":"https:\/\/www.juli.sk\/sklo-je-stale-ziadenejsim-materialom-ake-ma-uplatnenie-v-interieri\/","headline":"Sklo je st\u00e1le \u017eiadenej\u0161\u00edm materi\u00e1lom. Ak\u00e9 m\u00e1 uplatnenie v interi\u00e9ri?","url":"https:\/\/www.juli.sk\/sklo-je-stale-ziadenejsim-materialom-ake-ma-uplatnenie-v-interieri\/","datePublished":"2019-01-09","dateModified":"2023-04-28","mainEntityOfPage":"https:\/\/www.juli.sk\/sklo-je-stale-ziadenejsim-materialom-ake-ma-uplatnenie-v-interieri\/","author":{"@type":"Person","@id":"https:\/\/www.juli.sk\/author\/#Person","name":"","url":"https:\/\/www.juli.sk\/author\/","identifier":1,"image":{"@type":"ImageObject","@id":"https:\/\/secure.gravatar.com\/avatar\/232437c79d6ebbb41eb67b1526ce0bc08ee5047d6b1594dc05abcc3258d8e0b3?s=96&d=mm&r=g","url":"https:\/\/secure.gravatar.com\/avatar\/232437c79d6ebbb41eb67b1526ce0bc08ee5047d6b1594dc05abcc3258d8e0b3?s=96&d=mm&r=g","height":96,"width":96}},"publisher":{"@type":"Organization","name":"juli.sk","logo":{"@type":"ImageObject","@id":"\/logo.png","url":"\/logo.png","width":600,"height":60}},"image":{"@type":"ImageObject","@id":"https:\/\/www.juli.sk\/wp-content\/uploads\/img_a296700_w2042_t1549966154.jpg","url":"https:\/\/www.juli.sk\/wp-content\/uploads\/img_a296700_w2042_t1549966154.jpg","height":0,"width":0},"keywords":null},{"@type":"Article","@id":"https:\/\/www.juli.sk\/ako-mat-poriadok-ak-nie-ste-puntickar\/","headline":"Ako ma\u0165 poriadok, ak nie ste punti\u010dk\u00e1r?","url":"https:\/\/www.juli.sk\/ako-mat-poriadok-ak-nie-ste-puntickar\/","datePublished":"2018-12-16","dateModified":"2023-04-28","mainEntityOfPage":"https:\/\/www.juli.sk\/ako-mat-poriadok-ak-nie-ste-puntickar\/","author":{"@type":"Person","@id":"https:\/\/www.juli.sk\/author\/#Person","name":"","url":"https:\/\/www.juli.sk\/author\/","identifier":1,"image":{"@type":"ImageObject","@id":"https:\/\/secure.gravatar.com\/avatar\/232437c79d6ebbb41eb67b1526ce0bc08ee5047d6b1594dc05abcc3258d8e0b3?s=96&d=mm&r=g","url":"https:\/\/secure.gravatar.com\/avatar\/232437c79d6ebbb41eb67b1526ce0bc08ee5047d6b1594dc05abcc3258d8e0b3?s=96&d=mm&r=g","height":96,"width":96}},"publisher":{"@type":"Organization","name":"juli.sk","logo":{"@type":"ImageObject","@id":"\/logo.png","url":"\/logo.png","width":600,"height":60}},"image":{"@type":"ImageObject","@id":"https:\/\/www.juli.sk\/wp-content\/uploads\/img_a296974_w16731_t1550332797.jpg","url":"https:\/\/www.juli.sk\/wp-content\/uploads\/img_a296974_w16731_t1550332797.jpg","height":0,"width":0},"keywords":null},{"@type":"Article","@id":"https:\/\/www.juli.sk\/pripravte-sa-na-zimu\/","headline":"Pripravte sa na zimu","url":"https:\/\/www.juli.sk\/pripravte-sa-na-zimu\/","datePublished":"2018-12-12","dateModified":"2023-04-28","mainEntityOfPage":"https:\/\/www.juli.sk\/pripravte-sa-na-zimu\/","author":{"@type":"Person","@id":"https:\/\/www.juli.sk\/author\/#Person","name":"","url":"https:\/\/www.juli.sk\/author\/","identifier":1,"image":{"@type":"ImageObject","@id":"https:\/\/secure.gravatar.com\/avatar\/232437c79d6ebbb41eb67b1526ce0bc08ee5047d6b1594dc05abcc3258d8e0b3?s=96&d=mm&r=g","url":"https:\/\/secure.gravatar.com\/avatar\/232437c79d6ebbb41eb67b1526ce0bc08ee5047d6b1594dc05abcc3258d8e0b3?s=96&d=mm&r=g","height":96,"width":96}},"publisher":{"@type":"Organization","name":"juli.sk","logo":{"@type":"ImageObject","@id":"\/logo.png","url":"\/logo.png","width":600,"height":60}},"image":{"@type":"ImageObject","@id":"https:\/\/www.juli.sk\/wp-content\/uploads\/img_a296826_w16742_t1549995927.jpg","url":"https:\/\/www.juli.sk\/wp-content\/uploads\/img_a296826_w16742_t1549995927.jpg","height":0,"width":0},"keywords":null},{"@type":"Article","@id":"https:\/\/www.juli.sk\/maribor-slalom\/","headline":"Maribor- slalom","url":"https:\/\/www.juli.sk\/maribor-slalom\/","datePublished":"2018-12-12","dateModified":"2023-04-28","mainEntityOfPage":"https:\/\/www.juli.sk\/maribor-slalom\/","author":{"@type":"Person","@id":"https:\/\/www.juli.sk\/author\/#Person","name":"","url":"https:\/\/www.juli.sk\/author\/","identifier":1,"image":{"@type":"ImageObject","@id":"https:\/\/secure.gravatar.com\/avatar\/232437c79d6ebbb41eb67b1526ce0bc08ee5047d6b1594dc05abcc3258d8e0b3?s=96&d=mm&r=g","url":"https:\/\/secure.gravatar.com\/avatar\/232437c79d6ebbb41eb67b1526ce0bc08ee5047d6b1594dc05abcc3258d8e0b3?s=96&d=mm&r=g","height":96,"width":96}},"publisher":{"@type":"Organization","name":"juli.sk","logo":{"@type":"ImageObject","@id":"\/logo.png","url":"\/logo.png","width":600,"height":60}},"image":{"@type":"ImageObject","@id":"https:\/\/www.juli.sk\/wp-content\/uploads\/img_a296724_w16778_t1549984945.jpg","url":"https:\/\/www.juli.sk\/wp-content\/uploads\/img_a296724_w16778_t1549984945.jpg","height":0,"width":0},"keywords":null},{"@type":"Article","@id":"https:\/\/www.juli.sk\/vyber-pozemku-je-dolezity\/","headline":"V\u00fdber pozemku je d\u00f4le\u017eit\u00fd","url":"https:\/\/www.juli.sk\/vyber-pozemku-je-dolezity\/","datePublished":"2018-11-18","dateModified":"2023-04-28","mainEntityOfPage":"https:\/\/www.juli.sk\/vyber-pozemku-je-dolezity\/","author":{"@type":"Person","@id":"https:\/\/www.juli.sk\/author\/#Person","name":"","url":"https:\/\/www.juli.sk\/author\/","identifier":1,"image":{"@type":"ImageObject","@id":"https:\/\/secure.gravatar.com\/avatar\/232437c79d6ebbb41eb67b1526ce0bc08ee5047d6b1594dc05abcc3258d8e0b3?s=96&d=mm&r=g","url":"https:\/\/secure.gravatar.com\/avatar\/232437c79d6ebbb41eb67b1526ce0bc08ee5047d6b1594dc05abcc3258d8e0b3?s=96&d=mm&r=g","height":96,"width":96}},"publisher":{"@type":"Organization","name":"juli.sk","logo":{"@type":"ImageObject","@id":"\/logo.png","url":"\/logo.png","width":600,"height":60}},"image":{"@type":"ImageObject","@id":"https:\/\/www.juli.sk\/wp-content\/uploads\/img_a295830_w16638_t1547827835.jpg","url":"https:\/\/www.juli.sk\/wp-content\/uploads\/img_a295830_w16638_t1547827835.jpg","height":0,"width":0},"keywords":null},{"@type":"Article","@id":"https:\/\/www.juli.sk\/dolezite-prace-na-zahrade-ktore-by-sme-mali-stihnut-este-v-septembri\/","headline":"D\u00f4le\u017eit\u00e9 pr\u00e1ce na z\u00e1hrade, ktor\u00e9 by sme mali stihn\u00fa\u0165 e\u0161te v septembri","url":"https:\/\/www.juli.sk\/dolezite-prace-na-zahrade-ktore-by-sme-mali-stihnut-este-v-septembri\/","datePublished":"2018-10-17","dateModified":"2023-04-28","mainEntityOfPage":"https:\/\/www.juli.sk\/dolezite-prace-na-zahrade-ktore-by-sme-mali-stihnut-este-v-septembri\/","author":{"@type":"Person","@id":"https:\/\/www.juli.sk\/author\/#Person","name":"","url":"https:\/\/www.juli.sk\/author\/","identifier":1,"image":{"@type":"ImageObject","@id":"https:\/\/secure.gravatar.com\/avatar\/232437c79d6ebbb41eb67b1526ce0bc08ee5047d6b1594dc05abcc3258d8e0b3?s=96&d=mm&r=g","url":"https:\/\/secure.gravatar.com\/avatar\/232437c79d6ebbb41eb67b1526ce0bc08ee5047d6b1594dc05abcc3258d8e0b3?s=96&d=mm&r=g","height":96,"width":96}},"publisher":{"@type":"Organization","name":"juli.sk","logo":{"@type":"ImageObject","@id":"\/logo.png","url":"\/logo.png","width":600,"height":60}},"image":{"@type":"ImageObject","@id":"https:\/\/www.juli.sk\/wp-content\/uploads\/img_a294668_w16658_t1545059239.jpg","url":"https:\/\/www.juli.sk\/wp-content\/uploads\/img_a294668_w16658_t1545059239.jpg","height":0,"width":0},"keywords":null}]}